{"id":248147,"date":"2024-03-09T11:21:58","date_gmt":"2024-03-09T10:21:58","guid":{"rendered":"https:\/\/socius.de\/?p=248147"},"modified":"2025-10-22T13:30:47","modified_gmt":"2025-10-22T11:30:47","slug":"practise-power-criticism-with-the-help-of-rank-2","status":"publish","type":"post","link":"https:\/\/socius.de\/en\/konflikt\/machtkritik-uben-mithilfe-von-rang-2\/","title":{"rendered":"Criticising power with the help of rank"},"content":{"rendered":"<p>[et_pb_section fb_built=&#8220;1&#8243; admin_label=&#8220;section&#8220; _builder_version=&#8220;4.16&#8243; global_colors_info=&#8220;{}&#8220;][et_pb_row admin_label=&#8220;row&#8220; _builder_version=&#8220;4.16&#8243; background_size=&#8220;initial&#8220; background_position=&#8220;top_left&#8220; background_repeat=&#8220;repeat&#8220; global_colors_info=&#8220;{}&#8220;][et_pb_column type=&#8220;4_4&#8243; _builder_version=&#8220;4.16&#8243; custom_padding=&#8220;|||&#8220; global_colors_info=&#8220;{}&#8220; custom_padding__hover=&#8220;|||&#8220;][et_pb_text _builder_version=&#8220;4.27.4&#8243; _module_preset=&#8220;default&#8220; hover_enabled=&#8220;0&#8243; global_colors_info=&#8220;{}&#8220; sticky_enabled=&#8220;0&#8243;]<\/p>\n<p><span style=\"font-weight: 400;\">Ob wir Teams und Organisationen auf dem Weg zur Selbstorganisation begleiten oder unseren eigenen Prozess bei Socius reflektieren: <\/span><b>Macht<\/b><span style=\"font-weight: 400;\"> ist dabei immer wieder ein Thema, das einerseits dringlich besprochen werden will, andererseits oft auch viel Unbehagen mit sich bringt.\u00a0<\/span><\/p>\n<p><span style=\"font-weight: 400;\">Macht haben meistens \u201edie anderen\u201c, bei uns selbst nennen wir es lieber \u201eVerantwortung\u201c. Macht hat etwas mit <\/span><b>Hierarchien<\/b><span style=\"font-weight: 400;\"> zu tun, und die wollen wir mindestens verringern, wenn nicht gar gleich ganz abbauen; viele von uns verbinden mit dem Begriff der Macht vor allem Machtmissbrauch.<\/span><\/p>\n<p><span style=\"font-weight: 400;\">Zwar gibt es schon viele Beitr\u00e4ge, in denen Macht positiv besetzt wird: <\/span><b>Gestaltungsmacht, geteilte Macht, Entscheidungsmacht, Macht mit anderen zu haben, statt Macht \u00fcber sie (\u201cpower with instead of power over\u201d).<\/b><span style=\"font-weight: 400;\"> Macht bringt Freiheit mit sich (und kann Freiheit einschr\u00e4nken). Oder wie Hannah Arendt es sagt: <\/span><i><span style=\"font-weight: 400;\">\u201eMacht entspringt der menschlichen F\u00e4higkeit, nicht nur zu handeln oder etwas zu tun, sondern sich mit anderen zusammenzuschlie\u00dfen und im Einvernehmen mit ihnen zu handeln. \u00dcber Macht verf\u00fcgt niemals ein Einzelner; sie ist im <\/span><\/i><b><i>Besitz einer Gruppe<\/i><\/b><i><span style=\"font-weight: 400;\"> und bleibt nur solange existent, als die Gruppe zusammenh\u00e4lt\u201c <\/span><\/i><span style=\"font-weight: 400;\">und sie f\u00fchrt weiter aus, dass die Macht von Einzelnen, ihnen stets von einer Gruppe verliehen wurde.\u00a0<\/span><\/p>\n<p><span style=\"font-weight: 400;\">Uns mit unserer eigenen Macht auseinanderzusetzen ist Teil der #innerwork, die in der Selbstorganisation so wesentlich ist.\u00a0<\/span><\/p>\n<p><span style=\"font-weight: 400;\">Mit der eigenen Macht gilt es verantwortungsvoll umzugehen. F\u00fcr jede*n einzelne*n ist das wahrscheinlich klar und in selbstorganisierten Teams bedienen wir uns gerne der<\/span><b> Arbeit mit Rollen und dem Rollenboard um sowohl Macht als auch Verantwortung im Team gleichm\u00e4\u00dfiger zu verteilen.\u00a0<\/b><\/p>\n<p><span style=\"font-weight: 400;\">Wir haben also eine ganze Menge an Instrumenten, die uns im Team helfen k\u00f6nnen, Macht zu verteilen, \u00fcber Machtunterschiede zu reflektieren und einen bewussten Umgang damit zu finden.\u00a0<\/span><\/p>\n<p><span style=\"font-weight: 400;\">Und gleichzeitig erleben wir sowohl bei uns bei SOCIUS als auch bei den Organisationen und Teams, die wir begleiten, dass der Umgang mit und der Austausch \u00fcber pers\u00f6nliche Macht immer wieder eine gro\u00dfe Herausforderung ist.\u00a0<\/span><\/p>\n<h3><span style=\"font-weight: 400;\">Strukturelle Machtverh\u00e4ltnisse ansprechen<\/span><\/h3>\n<p><span style=\"font-weight: 400;\"><img decoding=\"async\" class=\"wp-image-250031 size-medium alignleft\" src=\"https:\/\/socius.de\/wp-content\/uploads\/machtkritik1-300x300.jpg\" alt=\"\" width=\"300\" height=\"300\" srcset=\"https:\/\/socius.de\/wp-content\/uploads\/machtkritik1-300x300.jpg 300w, https:\/\/socius.de\/wp-content\/uploads\/machtkritik1-100x100.jpg 100w, https:\/\/socius.de\/wp-content\/uploads\/machtkritik1-150x150.jpg 150w, https:\/\/socius.de\/wp-content\/uploads\/machtkritik1.jpg 382w\" sizes=\"(max-width: 300px) 100vw, 300px\" \/>Mir z.B. f\u00e4llt es immer noch schwer, die strukturellen Machtverh\u00e4ltnisse und -ungleichgewichte z.B. zwischen M\u00e4nnern* und Frauen* anzusprechen, wenn doch die M\u00e4nner* mit denen ich das besprechen m\u00fcsste, so feine, aufgeschlossene Menschen sind, und ich Sorgen habe, dass sie sich angegriffen f\u00fchlen, wenn ich \u201ceinfach nur\u201d eine Dynamik reflektieren will.\u00a0<\/span><\/p>\n<p><span style=\"font-weight: 400;\">Dass mir das so schwer f\u00e4llt, liegt in der Regel daran, dass es nicht um eine (1) Dynamik geht, sondern meist um eine Vielzahl. Und w\u00e4hrend wir \u00fcber strukturelle Machtverteilung zwischen M\u00e4nnern* und Frauen* sprechen, spielen gleichzeitig vielleicht das Lebensalter, die Ausbildungssituation, biografische (Diskriminierungs-)Erfahrungen und etliche andere Dimensionen, die uns strukturell mit Macht ausstatten (oder nicht), eine Rolle. <\/span><span style=\"font-weight: 400;\"><br \/><\/span><span style=\"font-weight: 400;\">In Organisationen sind das neben den pers\u00f6nlichen und gesellschaftlich strukturellen, oft auch Funktionen\/Positionen, die betitelt sind und gesellschaftlich mit einem angesehenen Status einhergehen. <\/span><span style=\"font-weight: 400;\"><br \/><\/span><span style=\"font-weight: 400;\">In unserem Team haben wir uns vor einige Jahren von den Begriffen Gesch\u00e4ftsf\u00fchrung und Vorst\u00e4nd*innen getrennt, weil wir gemerkt haben, dass diese nicht nur Au\u00dfenwirkung haben, sondern auch nach innen wirken. Heute sind alle Berater*innen, die Genossenschaftsmitglieder sind, *vertretungsberechtigt* f\u00fcr die Genossenschaft, und haben damit einerseits rechtlich dieselben Rechte und andererseits dieselbe Verantwortung. Auf der formalen\/strukturellen Ebene haben wir die Macht in unserer Organisation geteilt.\u00a0<\/span><\/p>\n<p><span style=\"font-weight: 400;\">Gleichwohl bleibt die Herausforderung die gesellschafts-strukturellen Dimensionen, die uns so pers\u00f6nlich betreffen, auch besprechbar zu machen. <\/span><span style=\"font-weight: 400;\"><br \/><\/span><b>Um diese Herausforderung leichter meistern zu k\u00f6nnen, ist die Arbeit zum Thema Rang von Arnold und Amy Mindell von gro\u00dfem Nutzen.\u00a0<\/b><\/p>\n<h3><span style=\"font-weight: 400;\">Rangdynamik aus der Prozessarbeit<\/span><\/h3>\n<p><span style=\"font-weight: 400;\"><img decoding=\"async\" class=\"wp-image-250032 size-medium alignright\" src=\"https:\/\/socius.de\/wp-content\/uploads\/machtkritik2-300x300.jpg\" alt=\"\" width=\"300\" height=\"300\" srcset=\"https:\/\/socius.de\/wp-content\/uploads\/machtkritik2-300x300.jpg 300w, https:\/\/socius.de\/wp-content\/uploads\/machtkritik2-100x100.jpg 100w, https:\/\/socius.de\/wp-content\/uploads\/machtkritik2-150x150.jpg 150w, https:\/\/socius.de\/wp-content\/uploads\/machtkritik2.jpg 392w\" sizes=\"(max-width: 300px) 100vw, 300px\" \/>In der Prozessarbeit nach Arnold und Amy Mindell bezieht sich der Begriff &#8222;<\/span><b>Rang<\/b><span style=\"font-weight: 400;\">&#8220; auf eine dynamische Position oder Rolle, die Menschen innerhalb eines Systems oder einer Gruppe einnehmen. Das Konzept des Rangs ist eng mit der Idee der Macht verbunden, aber es bezieht sich nicht nur auf formelle Autorit\u00e4t oder Hierarchie, sondern auch auf informelle Einfl\u00fcsse und Dynamiken.<\/span><\/p>\n<p><span style=\"font-weight: 400;\">In einer Gruppe oder einem System k\u00f6nnen Personen unterschiedliche R\u00e4nge einnehmen, die sich aus verschiedenen Faktoren ergeben, wie zum Beispiel pers\u00f6nliche Eigenschaften, soziale Positionen, Fachkenntnisse, biografische Erfahrungen oder emotionale Ausdrucksf\u00e4higkeit.\u00a0<\/span><\/p>\n<p><span style=\"font-weight: 400;\">Personen mit h\u00f6herem Rang haben oft mehr Einfluss oder Autorit\u00e4t in einer Gruppe, w\u00e4hrend Personen mit niedrigerem Rang m\u00f6glicherweise weniger Einfluss haben oder von anderen dominiert werden.<\/span><\/p>\n<p><span style=\"font-weight: 400;\">Ein wichtiger Aspekt von Rang in der Prozessarbeit ist die Anerkennung und das Bewusstsein f\u00fcr die verschiedenen R\u00e4nge innerhalb einer Gruppe. Hierbei geht es nicht darum, dass h\u00f6here R\u00e4nge von niedrigeren still gew\u00fcrdigt werden, zumal es eine Reinfom von hoch-\/niedrigrangig ohnehin nicht gibt, sondern darum, dass wir anerkennen, dass wir uns je nach Kontext in unterschiedlichen R\u00e4nge begegnen.\u00a0<\/span><\/p>\n<p><span style=\"font-weight: 400;\">Probleme k\u00f6nnen auftreten, wenn Rangunterschiede nicht erkannt oder nicht reflektiert werden, was zu Konflikten, Unterdr\u00fcckung oder Ausgrenzung f\u00fchren kann. Die Wahrnehmung von Rangunterschieden ist f\u00fcr Menschen in niedrigen R\u00e4ngen deutlich klarer sp\u00fcrbar als f\u00fcr solche in h\u00f6heren. Besonders \u201cverwirrend\u201d wird es, wenn die R\u00e4nge in unterschiedlichen Dimensionen dynamisch miteinander &#8222;spielen&#8220;.\u00a0<\/span><\/p>\n<h3><span style=\"font-weight: 400;\">Wenn R\u00e4nge miteinander spielen<\/span><\/h3>\n<p><span style=\"font-weight: 400;\"><img decoding=\"async\" class=\"wp-image-250033 size-medium alignleft\" src=\"https:\/\/socius.de\/wp-content\/uploads\/machtkritik3-300x300.jpg\" alt=\"\" width=\"300\" height=\"300\" srcset=\"https:\/\/socius.de\/wp-content\/uploads\/machtkritik3-300x300.jpg 300w, https:\/\/socius.de\/wp-content\/uploads\/machtkritik3-100x100.jpg 100w, https:\/\/socius.de\/wp-content\/uploads\/machtkritik3-150x150.jpg 150w, https:\/\/socius.de\/wp-content\/uploads\/machtkritik3.jpg 436w\" sizes=\"(max-width: 300px) 100vw, 300px\" \/>Als Juristin mache ich seit vielen Jahrzehnten die Erfahrung von umfangreicher Anerkennung, sobald ich \u00e4u\u00dfere, dass ich zwei Staatsexamen gemacht habe und im familienrechtlichen Kontext gearbeitet habe. Mit einer solchen \u00c4u\u00dferung kann ich mich (z.B in unbekannten Settings) umgehend in eine h\u00f6here Rangposition bringen, in der ich mich sicherer f\u00fchle.<\/span><\/p>\n<p><span style=\"font-weight: 400;\">Im Team von SOCIUS habe ich den Eindruck, dass mein Studium im Alltag \u00fcberhaupt keine Rolle spielt und in <\/span><b>*meiner* Rangwahrnehmung<\/b><span style=\"font-weight: 400;\"> ist die Kollegin mit dem Master in Organisationsentwicklung ausbildungsm\u00e4\u00dfig deutlich h\u00f6herrangig als ich. Weil ich aber schon viel l\u00e4nger bei SOCIUS bin und schon l\u00e4nger lebe als sie, also neben Lebenserfahrung auch mehr Erfahrung in der Begleitung von Organisationsentwicklungsprozessen habe, nimmt sie mich als deutlich h\u00f6herrangig wahr, w\u00e4hrenddessen ich denke, dass sie im Gegensatz zu mir jahrelang in einer gro\u00dfen staatlichen Organisation als Leitungskraft gearbeitet hat und hier eine Berufserfahrung mitbringt, auf die ich nicht zur\u00fcckgreifen kann.\u00a0<\/span><\/p>\n<p><span style=\"font-weight: 400;\">Wir sind also oft beide darum bem\u00fcht, den niedrigeren Rang gegen\u00fcber der anderen wahrzunehmen. Mit dieser Dynamik stehen wir uns im Zweifel selbst und gegenseitig im Weg.\u00a0<\/span><\/p>\n<p><span style=\"font-weight: 400;\">Ein Ziel der Prozessarbeit ist es, die Dynamiken von Rang in einer Gruppe bewusst und damit besprechbar zu machen und M\u00f6glichkeiten zu schaffen, wie Menschen mit unterschiedlichen R\u00e4ngen respektvoll und konstruktiv miteinander interagieren k\u00f6nnen. Dies kann dazu beitragen, ein unterst\u00fctzendes und gleichberechtigtes Umfeld zu schaffen, in dem alle Mitglieder der Gruppe ihre F\u00e4higkeiten und Perspektiven einbringen k\u00f6nnen.<\/span><\/p>\n<p><span style=\"font-weight: 400;\">Besonders wichtig ist hier der Aspekt der <\/span><b>dynamischen Position<\/b><span style=\"font-weight: 400;\">, was in lebendigen Systemen dazu f\u00fchrt, dass viele von uns gleichzeitig unterschiedliche R\u00e4nge haben und diese eben miteinander \u201espielen\u201c.\u00a0<\/span><\/p>\n<p><span style=\"font-weight: 400;\">Die Prozessarbeit schenkt uns mit ihren Betrachtungen zum Thema \u201eRang\u201c eine gute M\u00f6glichkeit Macht und Hierarchien &#8211; die au\u00dferhalb des Formellen liegen &#8211; bewusst und besprechbar zu machen, und damit insbesondere in selbstorganisierten Settings eine Sprache zu finden daf\u00fcr, dass R\u00e4nge auch noch wirksam sind, wenn wir formal gleichgestellt sind.<\/span><\/p>\n<h3><span style=\"font-weight: 400;\">Rangtypen Beschreibung\u00a0<\/span><\/h3>\n<table style=\"width: 884px;\">\n<tbody>\n<tr>\n<td style=\"width: 372.667px;\"><span style=\"font-weight: 400;\">Soziale Identit\u00e4t <\/span><span style=\"font-weight: 400;\">(sozialer Rang)<\/span><\/td>\n<td style=\"width: 497.533px;\">\n<ul>\n<li><span style=\"font-weight: 400;\">Sozio-\u00f6konomischer Status,<\/span><\/li>\n<li><span style=\"font-weight: 400;\">Herkunft und Familie: Status, Region,<\/span><\/li>\n<li><span style=\"font-weight: 400;\">Sprache, Land und seine Geschichte<\/span><\/li>\n<li><span style=\"font-weight: 400;\">soziale Integration<\/span><\/li>\n<li><span style=\"font-weight: 400;\">Ausbildung, Beruf und Aus\u00fcbung des Berufs;<\/span><\/li>\n<li><span style=\"font-weight: 400;\">Einkommenssituation<\/span><\/li>\n<li><span style=\"font-weight: 400;\">Geschlechtsidentit\u00e4t, sexuelle Orientierung;<\/span><\/li>\n<li><span style=\"font-weight: 400;\">Familienstand<\/span><\/li>\n<li><span style=\"font-weight: 400;\">Erscheinungsbild (Gr\u00f6\u00dfe, Gewicht &#8230;)<\/span><\/li>\n<li><span style=\"font-weight: 400;\">Hautfarbe, Gesundheitsstatus<\/span><\/li>\n<li><span style=\"font-weight: 400;\">usw.<\/span><\/li>\n<li><span style=\"font-weight: 400;\">F\u00fchlst du dich in der Gruppe bei Betrachtung<\/span><span style=\"font-weight: 400;\"> deiner sozialen Identit\u00e4t wohl? Gibt es<\/span><span style=\"font-weight: 400;\"> Momente, in denen du dich unwohl oder<\/span><span style=\"font-weight: 400;\"> ausgeschlossen f\u00fchlst \u2013 oder Momente, in<\/span><span style=\"font-weight: 400;\"> denen du Aspekte deiner sozialen Identit\u00e4t<\/span><span style=\"font-weight: 400;\"> zu Seite stellst?<\/span><\/li>\n<\/ul>\n<p>&nbsp;<\/p>\n<\/td>\n<\/tr>\n<tr>\n<td style=\"width: 372.667px;\"><span style=\"font-weight: 400;\">Pers\u00f6nliche Kraft <\/span><span style=\"font-weight: 400;\">(Kombination aus psychologischem und <\/span><span style=\"font-weight: 400;\">spirituellem Rang)<\/span><\/td>\n<td style=\"width: 497.533px;\">\n<ul>\n<li><span style=\"font-weight: 400;\">Gelernte und erworbene pers\u00f6nliche <\/span><span style=\"font-weight: 400;\">Eigenschaften und Ressourcen,<\/span><\/li>\n<li><span style=\"font-weight: 400;\">Kreativit\u00e4t, Durchhalteverm\u00f6gen,<\/span><\/li>\n<li><span style=\"font-weight: 400;\">Selbstbewusstsein, Reflektionsf\u00e4higkeit,<\/span><\/li>\n<li><span style=\"font-weight: 400;\">Introvertiertheit-Extrovertiertheit<\/span><\/li>\n<li><span style=\"font-weight: 400;\">F\u00e4higkeiten, Freunde zu finden und sich in<\/span><span style=\"font-weight: 400;\"> Gruppen \u201ezu bewegen\u201c<\/span><\/li>\n<li><span style=\"font-weight: 400;\">Wie wohl f\u00fchle ich mich mit mir und im<\/span><span style=\"font-weight: 400;\"> eigenen K\u00f6rper?<\/span><\/li>\n<li><span style=\"font-weight: 400;\">Getragen sein von Lebenssinn oder einer <\/span><span style=\"font-weight: 400;\">Lebensaufgabe<\/span><\/li>\n<li><span style=\"font-weight: 400;\">Bew\u00e4ltigungsstrategien in schwierigen <\/span><span style=\"font-weight: 400;\">Situationen<\/span><\/li>\n<li><span style=\"font-weight: 400;\">Vertrauen ins Leben<\/span><\/li>\n<li><span style=\"font-weight: 400;\">Umgang mit Stimmungen, schlechter Laune<\/span><\/li>\n<li><span style=\"font-weight: 400;\">Wie begegne ich Herausforderungen, Kritik <\/span><span style=\"font-weight: 400;\">und Angriffen?<\/span><\/li>\n<li><span style=\"font-weight: 400;\">usw.<\/span><\/li>\n<\/ul>\n<p>&nbsp;<\/p>\n<\/td>\n<\/tr>\n<tr>\n<td style=\"width: 372.667px;\"><span style=\"font-weight: 400;\">Struktureller Rang<\/span><span style=\"font-weight: 400;\">-&gt; informell<\/span><\/td>\n<td style=\"width: 497.533px;\">\n<ul>\n<li><span style=\"font-weight: 400;\">Stellung \/ Position in der Gruppe<\/span><\/li>\n<li><span style=\"font-weight: 400;\">Zugeh\u00f6rigkeit<\/span><\/li>\n<li><span style=\"font-weight: 400;\">Anerkennung und Wertsch\u00e4tzung<\/span><\/li>\n<li><span style=\"font-weight: 400;\">Einbindung im Netzwerk<\/span><\/li>\n<li><span style=\"font-weight: 400;\">Besondere F\u00e4higkeiten und <\/span><span style=\"font-weight: 400;\">Verhaltensweisen in der Gruppe<\/span><\/li>\n<\/ul>\n<\/td>\n<\/tr>\n<\/tbody>\n<\/table>\n<p>&nbsp;<\/p>\n<p><span style=\"font-weight: 400;\">[Quellen: Institut f\u00fcr Prozessarbeit \u2026 ]\u00a0<\/span><\/p>\n<p>[\/et_pb_text][\/et_pb_column][\/et_pb_row][\/et_pb_section]<\/p>\n","protected":false},"excerpt":{"rendered":"<p>Ob wir Teams und Organisationen auf dem Weg zur Selbstorganisation begleiten oder unseren eigenen Prozess bei Socius reflektieren: Macht ist dabei immer wieder ein Thema, das einerseits dringlich besprochen werden will, andererseits oft auch viel Unbehagen mit sich bringt.\u00a0 Macht haben meistens \u201edie anderen\u201c, bei uns selbst nennen wir es lieber \u201eVerantwortung\u201c. Macht hat etwas [\u2026]<\/p>\n","protected":false},"author":2,"featured_media":250034,"comment_status":"closed","ping_status":"closed","sticky":false,"template":"","format":"standard","meta":{"_acf_changed":false,"_et_pb_use_builder":"on","_et_pb_old_content":"","_et_gb_content_width":"","inline_featured_image":false,"footnotes":""},"categories":[553,359],"tags":[],"class_list":["post-248147","post","type-post","status-publish","format-standard","has-post-thumbnail","hentry","category-kultur-der-zusammenarbeit-b","category-konflikt"],"acf":[],"yoast_head":"<!-- This site is optimized with the Yoast SEO plugin v27.5 - https:\/\/yoast.com\/product\/yoast-seo-wordpress\/ -->\n<title>Machtkritik \u00fcben mithilfe von Rang - SOCIUS Organisationsberatung gGmbH<\/title>\n<meta name=\"robots\" content=\"index, follow, max-snippet:-1, max-image-preview:large, max-video-preview:-1\" \/>\n<link rel=\"canonical\" href=\"https:\/\/socius.de\/en\/conflict\/practise-power-criticism-with-the-help-of-rank-2\/\" \/>\n<meta property=\"og:locale\" content=\"en_GB\" \/>\n<meta property=\"og:type\" content=\"article\" \/>\n<meta property=\"og:title\" content=\"Machtkritik \u00fcben mithilfe von Rang - SOCIUS Organisationsberatung gGmbH\" \/>\n<meta property=\"og:url\" content=\"https:\/\/socius.de\/en\/conflict\/practise-power-criticism-with-the-help-of-rank-2\/\" \/>\n<meta property=\"og:site_name\" content=\"SOCIUS Organisationsberatung gGmbH\" \/>\n<meta property=\"article:publisher\" content=\"https:\/\/www.facebook.com\/SOCIUSBerlin\/\" \/>\n<meta property=\"article:published_time\" content=\"2024-03-09T10:21:58+00:00\" \/>\n<meta property=\"article:modified_time\" content=\"2025-10-22T11:30:47+00:00\" \/>\n<meta property=\"og:image\" content=\"https:\/\/socius.de\/wp-content\/uploads\/NK_Machtkritik-uben1.png\" \/>\n\t<meta property=\"og:image:width\" content=\"1220\" \/>\n\t<meta property=\"og:image:height\" content=\"686\" \/>\n\t<meta property=\"og:image:type\" content=\"image\/png\" \/>\n<meta name=\"author\" content=\"Nicola Kriesel\" \/>\n<meta name=\"twitter:card\" content=\"summary_large_image\" \/>\n<meta name=\"twitter:description\" content=\"[aioc_content_carousel slide_effect=&quot;cube&quot; equalize_slides_height=&quot;on&quot; enable_lightbox=&quot;on&quot; show_arrow=&quot;on&quot; arrows_position=&quot;inside_bottom_right&quot; content_position=&quot;right&quot; content_alignment=&quot;left_center&quot; enable_custom_image_width=&quot;on&quot; arrows_custom_padding=&quot;5px|5px|5px|5px|true|true&quot; arrow_font_size=&quot;40px&quot; arrow_color=&quot;#000000&quot; previous_slide_arrow=&quot;&#x34;||divi||400&quot; next_slide_arrow=&quot;&#x35;||divi||400&quot; content_bg_color=&quot;#eeeeee&quot; _builder_version=&quot;4.23.1&quot; _module_preset=&quot;default&quot; title_font=&quot;|600|||||||&quot; title_text_color=&quot;#000000&quot; title_font_size=&quot;36px&quot; title_letter_spacing=&quot;1px&quot; title_line_height=&quot;1.4em&quot; subtitle_font=&quot;||||||||&quot; subtitle_text_color=&quot;#7a7a7a&quot; subtitle_font_size=&quot;24px&quot; subtitle_letter_spacing=&quot;1px&quot; subtitle_line_height=&quot;1.4em&quot; content_font_size=&quot;18px&quot; content_line_height=&quot;2em&quot; hover_enabled=&quot;0&quot; title_font_size_tablet=&quot;28px&quot; title_font_size_phone=&quot;22px&quot; title_font_size_last_edited=&quot;on|phone&quot; subtitle_font_size_tablet=&quot;22px&quot; subtitle_font_size_phone=&quot;18px&quot; subtitle_font_size_last_edited=&quot;on|desktop&quot; global_colors_info=&quot;{}&quot; custom_padding__hover_enabled=&quot;off|desktop&quot;][aioc_content_carousel_item title=&quot;Cardio Fitness&quot; subtitle=&quot;Fitness Training&quot; image=&quot;https:\/\/socius.de\/wp-content\/uploads\/man-person-structure-equipment-room-fitness.webp&quot; show_button=&quot;on&quot; button_text=&quot;Contact Us&quot; content_custom_padding=&quot;|10%||10%|true|true&quot; _builder_version=&quot;4.23.1&quot; _module_preset=&quot;default&quot; custom_button=&quot;on&quot; button_text_size=&quot;18px&quot; button_text_color=&quot;#FFFFFF&quot; button_bg_color=&quot;#000000&quot; button_border_color=&quot;#000000&quot; button_border_radius=&quot;5px&quot; [&hellip;]\" \/>\n<meta name=\"twitter:label1\" content=\"Written by\" \/>\n\t<meta name=\"twitter:data1\" content=\"Nicola Kriesel\" \/>\n\t<meta name=\"twitter:label2\" content=\"Estimated reading time\" \/>\n\t<meta name=\"twitter:data2\" content=\"7 minutes\" \/>\n<script type=\"application\/ld+json\" class=\"yoast-schema-graph\">{\"@context\":\"https:\\\/\\\/schema.org\",\"@graph\":[{\"@type\":\"Article\",\"@id\":\"https:\\\/\\\/socius.de\\\/konflikt\\\/machtkritik-uben-mithilfe-von-rang-2\\\/#article\",\"isPartOf\":{\"@id\":\"https:\\\/\\\/socius.de\\\/konflikt\\\/machtkritik-uben-mithilfe-von-rang-2\\\/\"},\"author\":{\"name\":\"Nicola Kriesel\",\"@id\":\"https:\\\/\\\/socius.de\\\/#\\\/schema\\\/person\\\/cca5b4c587b3ec871129f9662d35c6ca\"},\"headline\":\"Machtkritik \u00fcben mithilfe von Rang\",\"datePublished\":\"2024-03-09T10:21:58+00:00\",\"dateModified\":\"2025-10-22T11:30:47+00:00\",\"mainEntityOfPage\":{\"@id\":\"https:\\\/\\\/socius.de\\\/konflikt\\\/machtkritik-uben-mithilfe-von-rang-2\\\/\"},\"wordCount\":1456,\"publisher\":{\"@id\":\"https:\\\/\\\/socius.de\\\/#organization\"},\"image\":{\"@id\":\"https:\\\/\\\/socius.de\\\/konflikt\\\/machtkritik-uben-mithilfe-von-rang-2\\\/#primaryimage\"},\"thumbnailUrl\":\"https:\\\/\\\/socius.de\\\/wp-content\\\/uploads\\\/NK_Machtkritik-uben1.png\",\"articleSection\":[\"Kultur der Zusammenarbeit\",\"Konflikt\"],\"inLanguage\":\"en-GB\"},{\"@type\":\"WebPage\",\"@id\":\"https:\\\/\\\/socius.de\\\/konflikt\\\/machtkritik-uben-mithilfe-von-rang-2\\\/\",\"url\":\"https:\\\/\\\/socius.de\\\/konflikt\\\/machtkritik-uben-mithilfe-von-rang-2\\\/\",\"name\":\"Machtkritik \u00fcben mithilfe von Rang - SOCIUS Organisationsberatung gGmbH\",\"isPartOf\":{\"@id\":\"https:\\\/\\\/socius.de\\\/#website\"},\"primaryImageOfPage\":{\"@id\":\"https:\\\/\\\/socius.de\\\/konflikt\\\/machtkritik-uben-mithilfe-von-rang-2\\\/#primaryimage\"},\"image\":{\"@id\":\"https:\\\/\\\/socius.de\\\/konflikt\\\/machtkritik-uben-mithilfe-von-rang-2\\\/#primaryimage\"},\"thumbnailUrl\":\"https:\\\/\\\/socius.de\\\/wp-content\\\/uploads\\\/NK_Machtkritik-uben1.png\",\"datePublished\":\"2024-03-09T10:21:58+00:00\",\"dateModified\":\"2025-10-22T11:30:47+00:00\",\"breadcrumb\":{\"@id\":\"https:\\\/\\\/socius.de\\\/konflikt\\\/machtkritik-uben-mithilfe-von-rang-2\\\/#breadcrumb\"},\"inLanguage\":\"en-GB\",\"potentialAction\":[{\"@type\":\"ReadAction\",\"target\":[\"https:\\\/\\\/socius.de\\\/konflikt\\\/machtkritik-uben-mithilfe-von-rang-2\\\/\"]}]},{\"@type\":\"ImageObject\",\"inLanguage\":\"en-GB\",\"@id\":\"https:\\\/\\\/socius.de\\\/konflikt\\\/machtkritik-uben-mithilfe-von-rang-2\\\/#primaryimage\",\"url\":\"https:\\\/\\\/socius.de\\\/wp-content\\\/uploads\\\/NK_Machtkritik-uben1.png\",\"contentUrl\":\"https:\\\/\\\/socius.de\\\/wp-content\\\/uploads\\\/NK_Machtkritik-uben1.png\",\"width\":1220,\"height\":686},{\"@type\":\"BreadcrumbList\",\"@id\":\"https:\\\/\\\/socius.de\\\/konflikt\\\/machtkritik-uben-mithilfe-von-rang-2\\\/#breadcrumb\",\"itemListElement\":[{\"@type\":\"ListItem\",\"position\":1,\"name\":\"Startseite\",\"item\":\"https:\\\/\\\/socius.de\\\/\"},{\"@type\":\"ListItem\",\"position\":2,\"name\":\"Machtkritik \u00fcben mithilfe von Rang\"}]},{\"@type\":\"WebSite\",\"@id\":\"https:\\\/\\\/socius.de\\\/#website\",\"url\":\"https:\\\/\\\/socius.de\\\/\",\"name\":\"SOCIUS Organisationsberatung gGmbH\",\"description\":\"sinnvoll zusammen wirken\",\"publisher\":{\"@id\":\"https:\\\/\\\/socius.de\\\/#organization\"},\"potentialAction\":[{\"@type\":\"SearchAction\",\"target\":{\"@type\":\"EntryPoint\",\"urlTemplate\":\"https:\\\/\\\/socius.de\\\/?s={search_term_string}\"},\"query-input\":{\"@type\":\"PropertyValueSpecification\",\"valueRequired\":true,\"valueName\":\"search_term_string\"}}],\"inLanguage\":\"en-GB\"},{\"@type\":\"Organization\",\"@id\":\"https:\\\/\\\/socius.de\\\/#organization\",\"name\":\"SOCIUS Organisationsberatung gGmbH\",\"url\":\"https:\\\/\\\/socius.de\\\/\",\"logo\":{\"@type\":\"ImageObject\",\"inLanguage\":\"en-GB\",\"@id\":\"https:\\\/\\\/socius.de\\\/#\\\/schema\\\/logo\\\/image\\\/\",\"url\":\"https:\\\/\\\/socius.de\\\/wp-content\\\/uploads\\\/SOCIUS_RGB_Teal.png\",\"contentUrl\":\"https:\\\/\\\/socius.de\\\/wp-content\\\/uploads\\\/SOCIUS_RGB_Teal.png\",\"width\":1619,\"height\":736,\"caption\":\"SOCIUS Organisationsberatung gGmbH\"},\"image\":{\"@id\":\"https:\\\/\\\/socius.de\\\/#\\\/schema\\\/logo\\\/image\\\/\"},\"sameAs\":[\"https:\\\/\\\/www.facebook.com\\\/SOCIUSBerlin\\\/\",\"https:\\\/\\\/www.linkedin.com\\\/company\\\/socius-organisationsberatung-ggmbh\\\/\",\"https:\\\/\\\/www.instagram.com\\\/socius_berlin\\\/\",\"https:\\\/\\\/www.youtube.com\\\/channel\\\/UC2QG2hEjpw0NI91VlCo9SoA\"]},{\"@type\":\"Person\",\"@id\":\"https:\\\/\\\/socius.de\\\/#\\\/schema\\\/person\\\/cca5b4c587b3ec871129f9662d35c6ca\",\"name\":\"Nicola Kriesel\",\"image\":{\"@type\":\"ImageObject\",\"inLanguage\":\"en-GB\",\"@id\":\"https:\\\/\\\/socius.de\\\/wp-content\\\/litespeed\\\/avatar\\\/c8b88b4dfb6af03f93fa5f1ebfd6093b.jpg?ver=1777648393\",\"url\":\"https:\\\/\\\/socius.de\\\/wp-content\\\/litespeed\\\/avatar\\\/c8b88b4dfb6af03f93fa5f1ebfd6093b.jpg?ver=1777648393\",\"contentUrl\":\"https:\\\/\\\/socius.de\\\/wp-content\\\/litespeed\\\/avatar\\\/c8b88b4dfb6af03f93fa5f1ebfd6093b.jpg?ver=1777648393\",\"caption\":\"Nicola Kriesel\"},\"url\":\"https:\\\/\\\/socius.de\\\/en\\\/author\\\/nicola\\\/\"}]}<\/script>\n<!-- \/ Yoast SEO plugin. -->","yoast_head_json":{"title":"Criticising power with the help of rank - SOCIUS Organisationsberatung gGmbH","robots":{"index":"index","follow":"follow","max-snippet":"max-snippet:-1","max-image-preview":"max-image-preview:large","max-video-preview":"max-video-preview:-1"},"canonical":"https:\/\/socius.de\/en\/conflict\/practise-power-criticism-with-the-help-of-rank-2\/","og_locale":"en_GB","og_type":"article","og_title":"Machtkritik \u00fcben mithilfe von Rang - SOCIUS Organisationsberatung gGmbH","og_url":"https:\/\/socius.de\/en\/conflict\/practise-power-criticism-with-the-help-of-rank-2\/","og_site_name":"SOCIUS Organisationsberatung gGmbH","article_publisher":"https:\/\/www.facebook.com\/SOCIUSBerlin\/","article_published_time":"2024-03-09T10:21:58+00:00","article_modified_time":"2025-10-22T11:30:47+00:00","og_image":[{"width":1220,"height":686,"url":"https:\/\/socius.de\/wp-content\/uploads\/NK_Machtkritik-uben1.png","type":"image\/png"}],"author":"Nicola Kriesel","twitter_card":"summary_large_image","twitter_description":"[aioc_content_carousel slide_effect=\"cube\" equalize_slides_height=\"on\" enable_lightbox=\"on\" show_arrow=\"on\" arrows_position=\"inside_bottom_right\" content_position=\"right\" content_alignment=\"left_center\" enable_custom_image_width=\"on\" arrows_custom_padding=\"5px|5px|5px|5px|true|true\" arrow_font_size=\"40px\" arrow_color=\"#000000\" previous_slide_arrow=\"&#x34;||divi||400\" next_slide_arrow=\"&#x35;||divi||400\" content_bg_color=\"#eeeeee\" _builder_version=\"4.23.1\" _module_preset=\"default\" title_font=\"|600|||||||\" title_text_color=\"#000000\" title_font_size=\"36px\" title_letter_spacing=\"1px\" title_line_height=\"1.4em\" subtitle_font=\"||||||||\" subtitle_text_color=\"#7a7a7a\" subtitle_font_size=\"24px\" subtitle_letter_spacing=\"1px\" subtitle_line_height=\"1.4em\" content_font_size=\"18px\" content_line_height=\"2em\" hover_enabled=\"0\" title_font_size_tablet=\"28px\" title_font_size_phone=\"22px\" title_font_size_last_edited=\"on|phone\" subtitle_font_size_tablet=\"22px\" subtitle_font_size_phone=\"18px\" subtitle_font_size_last_edited=\"on|desktop\" global_colors_info=\"{}\" custom_padding__hover_enabled=\"off|desktop\"][aioc_content_carousel_item title=\"Cardio Fitness\" subtitle=\"Fitness Training\" image=\"https:\/\/socius.de\/wp-content\/uploads\/man-person-structure-equipment-room-fitness.webp\" show_button=\"on\" button_text=\"Contact Us\" content_custom_padding=\"|10%||10%|true|true\" _builder_version=\"4.23.1\" _module_preset=\"default\" custom_button=\"on\" button_text_size=\"18px\" button_text_color=\"#FFFFFF\" button_bg_color=\"#000000\" button_border_color=\"#000000\" button_border_radius=\"5px\" [&hellip;]","twitter_misc":{"Written by":"Nicola Kriesel","Estimated reading time":"7 minutes"},"schema":{"@context":"https:\/\/schema.org","@graph":[{"@type":"Article","@id":"https:\/\/socius.de\/konflikt\/machtkritik-uben-mithilfe-von-rang-2\/#article","isPartOf":{"@id":"https:\/\/socius.de\/konflikt\/machtkritik-uben-mithilfe-von-rang-2\/"},"author":{"name":"Nicola Kriesel","@id":"https:\/\/socius.de\/#\/schema\/person\/cca5b4c587b3ec871129f9662d35c6ca"},"headline":"Machtkritik \u00fcben mithilfe von Rang","datePublished":"2024-03-09T10:21:58+00:00","dateModified":"2025-10-22T11:30:47+00:00","mainEntityOfPage":{"@id":"https:\/\/socius.de\/konflikt\/machtkritik-uben-mithilfe-von-rang-2\/"},"wordCount":1456,"publisher":{"@id":"https:\/\/socius.de\/#organization"},"image":{"@id":"https:\/\/socius.de\/konflikt\/machtkritik-uben-mithilfe-von-rang-2\/#primaryimage"},"thumbnailUrl":"https:\/\/socius.de\/wp-content\/uploads\/NK_Machtkritik-uben1.png","articleSection":["Kultur der Zusammenarbeit","Konflikt"],"inLanguage":"en-GB"},{"@type":"WebPage","@id":"https:\/\/socius.de\/konflikt\/machtkritik-uben-mithilfe-von-rang-2\/","url":"https:\/\/socius.de\/konflikt\/machtkritik-uben-mithilfe-von-rang-2\/","name":"Criticising power with the help of rank - SOCIUS Organisationsberatung gGmbH","isPartOf":{"@id":"https:\/\/socius.de\/#website"},"primaryImageOfPage":{"@id":"https:\/\/socius.de\/konflikt\/machtkritik-uben-mithilfe-von-rang-2\/#primaryimage"},"image":{"@id":"https:\/\/socius.de\/konflikt\/machtkritik-uben-mithilfe-von-rang-2\/#primaryimage"},"thumbnailUrl":"https:\/\/socius.de\/wp-content\/uploads\/NK_Machtkritik-uben1.png","datePublished":"2024-03-09T10:21:58+00:00","dateModified":"2025-10-22T11:30:47+00:00","breadcrumb":{"@id":"https:\/\/socius.de\/konflikt\/machtkritik-uben-mithilfe-von-rang-2\/#breadcrumb"},"inLanguage":"en-GB","potentialAction":[{"@type":"ReadAction","target":["https:\/\/socius.de\/konflikt\/machtkritik-uben-mithilfe-von-rang-2\/"]}]},{"@type":"ImageObject","inLanguage":"en-GB","@id":"https:\/\/socius.de\/konflikt\/machtkritik-uben-mithilfe-von-rang-2\/#primaryimage","url":"https:\/\/socius.de\/wp-content\/uploads\/NK_Machtkritik-uben1.png","contentUrl":"https:\/\/socius.de\/wp-content\/uploads\/NK_Machtkritik-uben1.png","width":1220,"height":686},{"@type":"BreadcrumbList","@id":"https:\/\/socius.de\/konflikt\/machtkritik-uben-mithilfe-von-rang-2\/#breadcrumb","itemListElement":[{"@type":"ListItem","position":1,"name":"Startseite","item":"https:\/\/socius.de\/"},{"@type":"ListItem","position":2,"name":"Machtkritik \u00fcben mithilfe von Rang"}]},{"@type":"WebSite","@id":"https:\/\/socius.de\/#website","url":"https:\/\/socius.de\/","name":"SOCIUS Organisationsberatung gGmbH","description":"meaningful collaboration","publisher":{"@id":"https:\/\/socius.de\/#organization"},"potentialAction":[{"@type":"SearchAction","target":{"@type":"EntryPoint","urlTemplate":"https:\/\/socius.de\/?s={search_term_string}"},"query-input":{"@type":"PropertyValueSpecification","valueRequired":true,"valueName":"search_term_string"}}],"inLanguage":"en-GB"},{"@type":"Organization","@id":"https:\/\/socius.de\/#organization","name":"SOCIUS Organisationsberatung gGmbH","url":"https:\/\/socius.de\/","logo":{"@type":"ImageObject","inLanguage":"en-GB","@id":"https:\/\/socius.de\/#\/schema\/logo\/image\/","url":"https:\/\/socius.de\/wp-content\/uploads\/SOCIUS_RGB_Teal.png","contentUrl":"https:\/\/socius.de\/wp-content\/uploads\/SOCIUS_RGB_Teal.png","width":1619,"height":736,"caption":"SOCIUS Organisationsberatung gGmbH"},"image":{"@id":"https:\/\/socius.de\/#\/schema\/logo\/image\/"},"sameAs":["https:\/\/www.facebook.com\/SOCIUSBerlin\/","https:\/\/www.linkedin.com\/company\/socius-organisationsberatung-ggmbh\/","https:\/\/www.instagram.com\/socius_berlin\/","https:\/\/www.youtube.com\/channel\/UC2QG2hEjpw0NI91VlCo9SoA"]},{"@type":"Person","@id":"https:\/\/socius.de\/#\/schema\/person\/cca5b4c587b3ec871129f9662d35c6ca","name":"Nicola Kriesel","image":{"@type":"ImageObject","inLanguage":"en-GB","@id":"https:\/\/socius.de\/wp-content\/litespeed\/avatar\/c8b88b4dfb6af03f93fa5f1ebfd6093b.jpg?ver=1777648393","url":"https:\/\/socius.de\/wp-content\/litespeed\/avatar\/c8b88b4dfb6af03f93fa5f1ebfd6093b.jpg?ver=1777648393","contentUrl":"https:\/\/socius.de\/wp-content\/litespeed\/avatar\/c8b88b4dfb6af03f93fa5f1ebfd6093b.jpg?ver=1777648393","caption":"Nicola Kriesel"},"url":"https:\/\/socius.de\/en\/author\/nicola\/"}]}},"_links":{"self":[{"href":"https:\/\/socius.de\/en\/wp-json\/wp\/v2\/posts\/248147","targetHints":{"allow":["GET"]}}],"collection":[{"href":"https:\/\/socius.de\/en\/wp-json\/wp\/v2\/posts"}],"about":[{"href":"https:\/\/socius.de\/en\/wp-json\/wp\/v2\/types\/post"}],"author":[{"embeddable":true,"href":"https:\/\/socius.de\/en\/wp-json\/wp\/v2\/users\/2"}],"replies":[{"embeddable":true,"href":"https:\/\/socius.de\/en\/wp-json\/wp\/v2\/comments?post=248147"}],"version-history":[{"count":0,"href":"https:\/\/socius.de\/en\/wp-json\/wp\/v2\/posts\/248147\/revisions"}],"wp:featuredmedia":[{"embeddable":true,"href":"https:\/\/socius.de\/en\/wp-json\/wp\/v2\/media\/250034"}],"wp:attachment":[{"href":"https:\/\/socius.de\/en\/wp-json\/wp\/v2\/media?parent=248147"}],"wp:term":[{"taxonomy":"category","embeddable":true,"href":"https:\/\/socius.de\/en\/wp-json\/wp\/v2\/categories?post=248147"},{"taxonomy":"post_tag","embeddable":true,"href":"https:\/\/socius.de\/en\/wp-json\/wp\/v2\/tags?post=248147"}],"curies":[{"name":"wp","href":"https:\/\/api.w.org\/{rel}","templated":true}]}}